{"id":138,"date":"2019-02-23T16:23:24","date_gmt":"2019-02-23T15:23:24","guid":{"rendered":"http:\/\/atagepdm.noblogs.org\/?p=138"},"modified":"2019-02-23T16:23:24","modified_gmt":"2019-02-23T15:23:24","slug":"programm-der-a-tage-2019-ist-online","status":"publish","type":"post","link":"https:\/\/atagepdm.noblogs.org\/en-US\/post\/2019\/02\/23\/programm-der-a-tage-2019-ist-online\/","title":{"rendered":"Programm der A-Tage 2019 ist online!"},"content":{"rendered":"<p>Wir haben ein erstes Programm zusammengestellt und Ihr k\u00f6nnt es Euch schonmal ansehen!<\/p>\n<p><img loading=\"lazy\" decoding=\"async\" class=\"alignleft wp-image-119 size-medium\" src=\"https:\/\/atagepdm.noblogs.org\/files\/2019\/02\/A-Tage-2019-B\u00fccherstapel-Ausschnitt-254x300.jpg\" alt=\"\" width=\"254\" height=\"300\" srcset=\"https:\/\/atagepdm.noblogs.org\/files\/2019\/02\/A-Tage-2019-B\u00fccherstapel-Ausschnitt-254x300.jpg 254w, https:\/\/atagepdm.noblogs.org\/files\/2019\/02\/A-Tage-2019-B\u00fccherstapel-Ausschnitt-768x906.jpg 768w, https:\/\/atagepdm.noblogs.org\/files\/2019\/02\/A-Tage-2019-B\u00fccherstapel-Ausschnitt-868x1024.jpg 868w, https:\/\/atagepdm.noblogs.org\/files\/2019\/02\/A-Tage-2019-B\u00fccherstapel-Ausschnitt-1200x1415.jpg 1200w, https:\/\/atagepdm.noblogs.org\/files\/2019\/02\/A-Tage-2019-B\u00fccherstapel-Ausschnitt.jpg 1649w\" sizes=\"auto, (max-width: 254px) 85vw, 254px\" \/>Ihr findet die Veranstaltungen alle <a href=\"https:\/\/atagepdm.noblogs.org\/a-tage-2019\/programm-a-tage-2019\/\">hier<\/a>. Noch ist das Programm ein Arbeitsstand, es k\u00f6nnen sich also einige Dinge \u00e4ndern. Besonders bei fehlenden Veranstaltungsbeschreibungen bitten wir noch um etwas Geduld, da wir hier auch auf die Zuarbeit der Referent*innen angewiesen sind. Wenn es Updates im Programm gibt, werden wir auf jeden Fall auch drauf hinweisen.<\/p>\n<p>Ansonsten hoffen wir erstmal, dass die Veranstaltungen Interesse wecken. An den Wochenenden wird es w\u00e4hrend der Veranstaltungen auch was zu Essen geben. Wenn Ihr Fragen zu den Programmpunkten habt, melde Euch gerne!<\/p>\n","protected":false},"excerpt":{"rendered":"<p>Wir haben ein erstes Programm zusammengestellt und Ihr k\u00f6nnt es Euch schonmal ansehen! Ihr findet die Veranstaltungen alle hier. Noch ist das Programm ein Arbeitsstand, es k\u00f6nnen sich also einige Dinge \u00e4ndern. Besonders bei fehlenden Veranstaltungsbeschreibungen bitten wir noch um etwas Geduld, da wir hier auch auf die Zuarbeit der Referent*innen angewiesen sind. Wenn es &hellip; <a href=\"https:\/\/atagepdm.noblogs.org\/en-US\/post\/2019\/02\/23\/programm-der-a-tage-2019-ist-online\/\" class=\"more-link\">Continue reading<span class=\"screen-reader-text\"> &#8220;Programm der A-Tage 2019 ist online!&#8221;<\/span><\/a><\/p>\n","protected":false},"author":13219,"featured_media":0,"comment_status":"open","ping_status":"closed","sticky":false,"template":"","format":"standard","meta":{"_locale":"en_US","_original_post":"118","footnotes":""},"categories":[4,1,5],"tags":[],"class_list":["post-138","post","type-post","status-publish","format-standard","hentry","category-atage2019","category-general","category-programm","en-US"],"_links":{"self":[{"href":"https:\/\/atagepdm.noblogs.org\/wp-json\/wp\/v2\/posts\/138","targetHints":{"allow":["GET"]}}],"collection":[{"href":"https:\/\/atagepdm.noblogs.org\/wp-json\/wp\/v2\/posts"}],"about":[{"href":"https:\/\/atagepdm.noblogs.org\/wp-json\/wp\/v2\/types\/post"}],"author":[{"embeddable":true,"href":"https:\/\/atagepdm.noblogs.org\/wp-json\/wp\/v2\/users\/13219"}],"replies":[{"embeddable":true,"href":"https:\/\/atagepdm.noblogs.org\/wp-json\/wp\/v2\/comments?post=138"}],"version-history":[{"count":1,"href":"https:\/\/atagepdm.noblogs.org\/wp-json\/wp\/v2\/posts\/138\/revisions"}],"predecessor-version":[{"id":139,"href":"https:\/\/atagepdm.noblogs.org\/wp-json\/wp\/v2\/posts\/138\/revisions\/139"}],"wp:attachment":[{"href":"https:\/\/atagepdm.noblogs.org\/wp-json\/wp\/v2\/media?parent=138"}],"wp:term":[{"taxonomy":"category","embeddable":true,"href":"https:\/\/atagepdm.noblogs.org\/wp-json\/wp\/v2\/categories?post=138"},{"taxonomy":"post_tag","embeddable":true,"href":"https:\/\/atagepdm.noblogs.org\/wp-json\/wp\/v2\/tags?post=138"}],"curies":[{"name":"wp","href":"https:\/\/api.w.org\/{rel}","templated":true}]}}